{"id":2623,"date":"2014-09-01T00:00:00","date_gmt":"2014-09-01T00:00:00","guid":{"rendered":"http:\/\/www.nuriagarces.cat.mialias.net\/carlos-latre-comedian\/"},"modified":"2023-10-10T15:20:13","modified_gmt":"2023-10-10T15:20:13","slug":"carlos-latre-comedian","status":"publish","type":"post","link":"https:\/\/nuriagarces.cat\/en\/carlos-latre-comedian\/","title":{"rendered":"Carlos Latre Comedian"},"content":{"rendered":"<h3 class=\"p1\">Personal branding. Management and Executive Production. Press, Publicity and Advertising.<br \/>\nManagement of over 30 Television, Radio, Advertising and Publicity, Theatre, Dubbing, Public Event and Convention projects<\/h3>\n<h3 class=\"p1\"><a href=\"http:\/\/www.carloslatre.com\/\" target=\"_blank\" rel=\"noopener noreferrer\">http:\/\/www.carloslatre.com\/<\/a><\/h3>\n<h3 class=\"p1\">Barcelona, 2007\u20132014<\/h3>\n<h4>Television<\/h4>\n<p class=\"p1\">Management, hiring and consultancy services for, amongst others, the following TV programmes:<br \/>\n<em>Me resbala<\/em>, Antena 3, <em>Uno de los nuestros<\/em>, TVE, <em>Letris<\/em>, TVE, <em>Bailando y Cantando contigo<\/em>, TVE, <em>Se\u00f1oras que<\/em>, Antena 3-Neox, <em>Tu cara me suena<\/em>, Antena 3, <em>La Escobilla Nacional<\/em>, <em>D\u00f3nde est\u00e1s Coraz\u00f3n<\/em>, Antena3, <em>La Tribu<\/em>, Tele 5, <em>Crackovia<\/em>, TV3, <em>R\u00e9plica<\/em>, Antena 3, <em>Polonia<\/em>, TV3, <em>Tu cara me suena mini<\/em>, Antena 3, <em>P\u00e1nico en el Plat\u00f3<\/em>, Antena 3<\/p>\n<h4 class=\"p1\">Radio<\/h4>\n<p class=\"p1\">Management and hiring of weekly contributors for <em>Herrera en la Onda<\/em>, on Onda Cero Radio.<\/p>\n<h4 class=\"p1\">Contributions<\/h4>\n<p class=\"p1\">Pasapalabra, Avanti, Menuda Noche de Canal Sur, Programa especial Nochebuena en TVE, La Noria, etc.<\/p>\n<h4 class=\"p1\">Advertising and Publicity<\/h4>\n<p class=\"p1\">Management and hiring for the following advertising campaigns:<br \/>\nDanone, Turrones La Casa, Media Markt, Telepizza, Banc Sabadell,<\/p>\n<h4 class=\"p1\">Dubbing<\/h4>\n<ul>\n<li class=\"p1\">Films:<br \/>\n<em>Copito de nieve<\/em>, la pel\u00edcula, <em>Happy Feet 2<\/em>, en 3D, <em>Los cachorros y el c\u00f3digo de Marco Polo<\/em>, <em>Asterix y Obelix, al servicio de su majestad<\/em><\/li>\n<li class=\"p1\">Videogames: <em>Fable III<\/em> for XBOX<\/li>\n<\/ul>\n<h4 class=\"p1\">Theatre<\/h4>\n<ul>\n<li class=\"p1\"><i><em>Carlos Latre in live<\/em><br \/>\n<\/i>Summer 2008 starts, with FILA 7, the tour, <em>Carlos Latre in live<\/em>, A total of 40 shows were held all over Spain.<br \/>\nThe spectacle was well received by its audience and critics.<\/li>\n<li class=\"p1\"><i>Yes We Spain y Yes We Spain Is Different<br \/>\n<\/i>Direction, Management, Coordination, Production, Hiring, Premieres, Advertising and Publicity, Promotion, Press and Public Relations.<br \/>\nSpanish Tour: 2011, 25 cities. 2012, 30 cities. 2013, 22 cities.<\/li>\n<\/ul>\n<h4 class=\"p1\">Public events and conventions<\/h4>\n<p class=\"p1\">Bacardi, Cepsa, Edelman, KPMG, Spanish National Football Team at the celebrations organised in Madrid for the two European Cup (2008 and 2012) and the South African World Cup (2010) wins, Mundo Deportivo, As, Rico, Tinkel.<\/p>\n<p><!--more--><\/p>\n","protected":false},"excerpt":{"rendered":"<p>Personal branding. Management and Executive Production. Press, Publicity and Advertising. [&hellip;]<\/p>\n","protected":false},"author":1,"featured_media":3498,"comment_status":"closed","ping_status":"closed","sticky":false,"template":"","format":"standard","meta":{"footnotes":""},"categories":[72,74],"tags":[],"class_list":["post-2623","post","type-post","status-publish","format-standard","has-post-thumbnail","hentry","category-branding","category-projects"],"yoast_head":"<!-- This site is optimized with the Yoast SEO plugin v23.7 - https:\/\/yoast.com\/wordpress\/plugins\/seo\/ -->\r\n<title>Carlos Latre Comedian | N\u00faria Garc\u00e9s<\/title>\r\n<meta name=\"robots\" content=\"index, follow, max-snippet:-1, max-image-preview:large, max-video-preview:-1\" \/>\r\n<link rel=\"canonical\" href=\"https:\/\/nuriagarces.cat\/en\/carlos-latre-comedian\/\" \/>\r\n<meta property=\"og:locale\" content=\"en_US\" \/>\r\n<meta property=\"og:type\" content=\"article\" \/>\r\n<meta property=\"og:title\" content=\"Carlos Latre Comedian | N\u00faria Garc\u00e9s\" \/>\r\n<meta property=\"og:description\" content=\"Personal branding. Management and Executive Production. Press, Publicity and Advertising. [&hellip;]\" \/>\r\n<meta property=\"og:url\" content=\"https:\/\/nuriagarces.cat\/en\/carlos-latre-comedian\/\" \/>\r\n<meta property=\"og:site_name\" content=\"N\u00faria Garc\u00e9s\" \/>\r\n<meta property=\"article:publisher\" content=\"https:\/\/www.facebook.com\/nuria.garces\" \/>\r\n<meta property=\"article:published_time\" content=\"2014-09-01T00:00:00+00:00\" \/>\r\n<meta property=\"article:modified_time\" content=\"2023-10-10T15:20:13+00:00\" \/>\r\n<meta property=\"og:image\" content=\"https:\/\/nuriagarces.cat\/wp-content\/uploads\/2016\/09\/Carlos-Latre-Crakovia-Nuria-Garces-1024x680-1.jpg\" \/>\r\n\t<meta property=\"og:image:width\" content=\"1024\" \/>\r\n\t<meta property=\"og:image:height\" content=\"680\" \/>\r\n\t<meta property=\"og:image:type\" content=\"image\/jpeg\" \/>\r\n<meta name=\"author\" content=\"7aa885762b\" \/>\r\n<meta name=\"twitter:card\" content=\"summary_large_image\" \/>\r\n<meta name=\"twitter:site\" content=\"@nuriagarcesm\" \/>\r\n<meta name=\"twitter:label1\" content=\"Written by\" \/>\n\t<meta name=\"twitter:data1\" content=\"7aa885762b\" \/>\n\t<meta name=\"twitter:label2\" content=\"Est. reading time\" \/>\n\t<meta name=\"twitter:data2\" content=\"1 minute\" \/>\r\n<script type=\"application\/ld+json\" class=\"yoast-schema-graph\">{\"@context\":\"https:\/\/schema.org\",\"@graph\":[{\"@type\":\"Article\",\"@id\":\"https:\/\/nuriagarces.cat\/en\/carlos-latre-comedian\/#article\",\"isPartOf\":{\"@id\":\"https:\/\/nuriagarces.cat\/en\/carlos-latre-comedian\/\"},\"author\":{\"name\":\"7aa885762b\",\"@id\":\"http:\/\/nuriagarces.cat\/en\/#\/schema\/person\/0f3190c58d8ed40f50ef05071019293c\"},\"headline\":\"Carlos Latre Comedian\",\"datePublished\":\"2014-09-01T00:00:00+00:00\",\"dateModified\":\"2023-10-10T15:20:13+00:00\",\"mainEntityOfPage\":{\"@id\":\"https:\/\/nuriagarces.cat\/en\/carlos-latre-comedian\/\"},\"wordCount\":287,\"publisher\":{\"@id\":\"http:\/\/nuriagarces.cat\/en\/#\/schema\/person\/9c7fcbb229a10cb4cec4f9863664f43e\"},\"image\":{\"@id\":\"https:\/\/nuriagarces.cat\/en\/carlos-latre-comedian\/#primaryimage\"},\"thumbnailUrl\":\"https:\/\/nuriagarces.cat\/wp-content\/uploads\/2016\/09\/Carlos-Latre-Crakovia-Nuria-Garces-1024x680-1.jpg\",\"articleSection\":[\"Branding\",\"Projects\"],\"inLanguage\":\"en-US\"},{\"@type\":\"WebPage\",\"@id\":\"https:\/\/nuriagarces.cat\/en\/carlos-latre-comedian\/\",\"url\":\"https:\/\/nuriagarces.cat\/en\/carlos-latre-comedian\/\",\"name\":\"Carlos Latre Comedian | N\u00faria Garc\u00e9s\",\"isPartOf\":{\"@id\":\"http:\/\/nuriagarces.cat\/en\/#website\"},\"primaryImageOfPage\":{\"@id\":\"https:\/\/nuriagarces.cat\/en\/carlos-latre-comedian\/#primaryimage\"},\"image\":{\"@id\":\"https:\/\/nuriagarces.cat\/en\/carlos-latre-comedian\/#primaryimage\"},\"thumbnailUrl\":\"https:\/\/nuriagarces.cat\/wp-content\/uploads\/2016\/09\/Carlos-Latre-Crakovia-Nuria-Garces-1024x680-1.jpg\",\"datePublished\":\"2014-09-01T00:00:00+00:00\",\"dateModified\":\"2023-10-10T15:20:13+00:00\",\"breadcrumb\":{\"@id\":\"https:\/\/nuriagarces.cat\/en\/carlos-latre-comedian\/#breadcrumb\"},\"inLanguage\":\"en-US\",\"potentialAction\":[{\"@type\":\"ReadAction\",\"target\":[\"https:\/\/nuriagarces.cat\/en\/carlos-latre-comedian\/\"]}]},{\"@type\":\"ImageObject\",\"inLanguage\":\"en-US\",\"@id\":\"https:\/\/nuriagarces.cat\/en\/carlos-latre-comedian\/#primaryimage\",\"url\":\"https:\/\/nuriagarces.cat\/wp-content\/uploads\/2016\/09\/Carlos-Latre-Crakovia-Nuria-Garces-1024x680-1.jpg\",\"contentUrl\":\"https:\/\/nuriagarces.cat\/wp-content\/uploads\/2016\/09\/Carlos-Latre-Crakovia-Nuria-Garces-1024x680-1.jpg\",\"width\":1024,\"height\":680},{\"@type\":\"BreadcrumbList\",\"@id\":\"https:\/\/nuriagarces.cat\/en\/carlos-latre-comedian\/#breadcrumb\",\"itemListElement\":[{\"@type\":\"ListItem\",\"position\":1,\"name\":\"Inici\",\"item\":\"http:\/\/nuriagarces.cat\/en\/\"},{\"@type\":\"ListItem\",\"position\":2,\"name\":\"Carlos Latre Comedian\"}]},{\"@type\":\"WebSite\",\"@id\":\"http:\/\/nuriagarces.cat\/en\/#website\",\"url\":\"http:\/\/nuriagarces.cat\/en\/\",\"name\":\"N\u00faria Garc\u00e9s\",\"description\":\"Ag\u00e8ncia relacions p\u00fabliques Barcelona\",\"publisher\":{\"@id\":\"http:\/\/nuriagarces.cat\/en\/#\/schema\/person\/9c7fcbb229a10cb4cec4f9863664f43e\"},\"alternateName\":\"N\u00faria Garc\u00e9s\",\"potentialAction\":[{\"@type\":\"SearchAction\",\"target\":{\"@type\":\"EntryPoint\",\"urlTemplate\":\"http:\/\/nuriagarces.cat\/en\/?s={search_term_string}\"},\"query-input\":{\"@type\":\"PropertyValueSpecification\",\"valueRequired\":true,\"valueName\":\"search_term_string\"}}],\"inLanguage\":\"en-US\"},{\"@type\":[\"Person\",\"Organization\"],\"@id\":\"http:\/\/nuriagarces.cat\/en\/#\/schema\/person\/9c7fcbb229a10cb4cec4f9863664f43e\",\"name\":\"Nuria\",\"image\":{\"@type\":\"ImageObject\",\"inLanguage\":\"en-US\",\"@id\":\"http:\/\/nuriagarces.cat\/en\/#\/schema\/person\/image\/\",\"url\":\"http:\/\/nuriagarces.cat\/wp-content\/uploads\/2023\/07\/Favicon-270-Nuria-Garces.jpg\",\"contentUrl\":\"http:\/\/nuriagarces.cat\/wp-content\/uploads\/2023\/07\/Favicon-270-Nuria-Garces.jpg\",\"width\":270,\"height\":236,\"caption\":\"Nuria\"},\"logo\":{\"@id\":\"http:\/\/nuriagarces.cat\/en\/#\/schema\/person\/image\/\"},\"sameAs\":[\"https:\/\/www.nuriagarces.com\/\",\"https:\/\/www.facebook.com\/nuria.garces\",\"https:\/\/www.instagram.com\/ngarcesm\/\",\"https:\/\/x.com\/nuriagarcesm\"]},{\"@type\":\"Person\",\"@id\":\"http:\/\/nuriagarces.cat\/en\/#\/schema\/person\/0f3190c58d8ed40f50ef05071019293c\",\"name\":\"7aa885762b\",\"image\":{\"@type\":\"ImageObject\",\"inLanguage\":\"en-US\",\"@id\":\"http:\/\/nuriagarces.cat\/en\/#\/schema\/person\/image\/\",\"url\":\"https:\/\/secure.gravatar.com\/avatar\/6b1aa37a45108f5c41259a5772ff079cd0e16bb0b61abbeb1fc1a501759c4d8b?s=96&d=mm&r=g\",\"contentUrl\":\"https:\/\/secure.gravatar.com\/avatar\/6b1aa37a45108f5c41259a5772ff079cd0e16bb0b61abbeb1fc1a501759c4d8b?s=96&d=mm&r=g\",\"caption\":\"7aa885762b\"},\"sameAs\":[\"http:\/\/www.nuriagarces.cat.mialias.net\"],\"url\":\"https:\/\/nuriagarces.cat\/en\/author\/7aa885762b\/\"}]}<\/script>\r\n<!-- \/ Yoast SEO plugin. -->","yoast_head_json":{"title":"Carlos Latre Comedian | N\u00faria Garc\u00e9s","robots":{"index":"index","follow":"follow","max-snippet":"max-snippet:-1","max-image-preview":"max-image-preview:large","max-video-preview":"max-video-preview:-1"},"canonical":"https:\/\/nuriagarces.cat\/en\/carlos-latre-comedian\/","og_locale":"en_US","og_type":"article","og_title":"Carlos Latre Comedian | N\u00faria Garc\u00e9s","og_description":"Personal branding. Management and Executive Production. Press, Publicity and Advertising. [&hellip;]","og_url":"https:\/\/nuriagarces.cat\/en\/carlos-latre-comedian\/","og_site_name":"N\u00faria Garc\u00e9s","article_publisher":"https:\/\/www.facebook.com\/nuria.garces","article_published_time":"2014-09-01T00:00:00+00:00","article_modified_time":"2023-10-10T15:20:13+00:00","og_image":[{"width":1024,"height":680,"url":"https:\/\/nuriagarces.cat\/wp-content\/uploads\/2016\/09\/Carlos-Latre-Crakovia-Nuria-Garces-1024x680-1.jpg","type":"image\/jpeg"}],"author":"7aa885762b","twitter_card":"summary_large_image","twitter_site":"@nuriagarcesm","twitter_misc":{"Written by":"7aa885762b","Est. reading time":"1 minute"},"schema":{"@context":"https:\/\/schema.org","@graph":[{"@type":"Article","@id":"https:\/\/nuriagarces.cat\/en\/carlos-latre-comedian\/#article","isPartOf":{"@id":"https:\/\/nuriagarces.cat\/en\/carlos-latre-comedian\/"},"author":{"name":"7aa885762b","@id":"http:\/\/nuriagarces.cat\/en\/#\/schema\/person\/0f3190c58d8ed40f50ef05071019293c"},"headline":"Carlos Latre Comedian","datePublished":"2014-09-01T00:00:00+00:00","dateModified":"2023-10-10T15:20:13+00:00","mainEntityOfPage":{"@id":"https:\/\/nuriagarces.cat\/en\/carlos-latre-comedian\/"},"wordCount":287,"publisher":{"@id":"http:\/\/nuriagarces.cat\/en\/#\/schema\/person\/9c7fcbb229a10cb4cec4f9863664f43e"},"image":{"@id":"https:\/\/nuriagarces.cat\/en\/carlos-latre-comedian\/#primaryimage"},"thumbnailUrl":"https:\/\/nuriagarces.cat\/wp-content\/uploads\/2016\/09\/Carlos-Latre-Crakovia-Nuria-Garces-1024x680-1.jpg","articleSection":["Branding","Projects"],"inLanguage":"en-US"},{"@type":"WebPage","@id":"https:\/\/nuriagarces.cat\/en\/carlos-latre-comedian\/","url":"https:\/\/nuriagarces.cat\/en\/carlos-latre-comedian\/","name":"Carlos Latre Comedian | N\u00faria Garc\u00e9s","isPartOf":{"@id":"http:\/\/nuriagarces.cat\/en\/#website"},"primaryImageOfPage":{"@id":"https:\/\/nuriagarces.cat\/en\/carlos-latre-comedian\/#primaryimage"},"image":{"@id":"https:\/\/nuriagarces.cat\/en\/carlos-latre-comedian\/#primaryimage"},"thumbnailUrl":"https:\/\/nuriagarces.cat\/wp-content\/uploads\/2016\/09\/Carlos-Latre-Crakovia-Nuria-Garces-1024x680-1.jpg","datePublished":"2014-09-01T00:00:00+00:00","dateModified":"2023-10-10T15:20:13+00:00","breadcrumb":{"@id":"https:\/\/nuriagarces.cat\/en\/carlos-latre-comedian\/#breadcrumb"},"inLanguage":"en-US","potentialAction":[{"@type":"ReadAction","target":["https:\/\/nuriagarces.cat\/en\/carlos-latre-comedian\/"]}]},{"@type":"ImageObject","inLanguage":"en-US","@id":"https:\/\/nuriagarces.cat\/en\/carlos-latre-comedian\/#primaryimage","url":"https:\/\/nuriagarces.cat\/wp-content\/uploads\/2016\/09\/Carlos-Latre-Crakovia-Nuria-Garces-1024x680-1.jpg","contentUrl":"https:\/\/nuriagarces.cat\/wp-content\/uploads\/2016\/09\/Carlos-Latre-Crakovia-Nuria-Garces-1024x680-1.jpg","width":1024,"height":680},{"@type":"BreadcrumbList","@id":"https:\/\/nuriagarces.cat\/en\/carlos-latre-comedian\/#breadcrumb","itemListElement":[{"@type":"ListItem","position":1,"name":"Inici","item":"http:\/\/nuriagarces.cat\/en\/"},{"@type":"ListItem","position":2,"name":"Carlos Latre Comedian"}]},{"@type":"WebSite","@id":"http:\/\/nuriagarces.cat\/en\/#website","url":"http:\/\/nuriagarces.cat\/en\/","name":"N\u00faria Garc\u00e9s","description":"Ag\u00e8ncia relacions p\u00fabliques Barcelona","publisher":{"@id":"http:\/\/nuriagarces.cat\/en\/#\/schema\/person\/9c7fcbb229a10cb4cec4f9863664f43e"},"alternateName":"N\u00faria Garc\u00e9s","potentialAction":[{"@type":"SearchAction","target":{"@type":"EntryPoint","urlTemplate":"http:\/\/nuriagarces.cat\/en\/?s={search_term_string}"},"query-input":{"@type":"PropertyValueSpecification","valueRequired":true,"valueName":"search_term_string"}}],"inLanguage":"en-US"},{"@type":["Person","Organization"],"@id":"http:\/\/nuriagarces.cat\/en\/#\/schema\/person\/9c7fcbb229a10cb4cec4f9863664f43e","name":"Nuria","image":{"@type":"ImageObject","inLanguage":"en-US","@id":"http:\/\/nuriagarces.cat\/en\/#\/schema\/person\/image\/","url":"http:\/\/nuriagarces.cat\/wp-content\/uploads\/2023\/07\/Favicon-270-Nuria-Garces.jpg","contentUrl":"http:\/\/nuriagarces.cat\/wp-content\/uploads\/2023\/07\/Favicon-270-Nuria-Garces.jpg","width":270,"height":236,"caption":"Nuria"},"logo":{"@id":"http:\/\/nuriagarces.cat\/en\/#\/schema\/person\/image\/"},"sameAs":["https:\/\/www.nuriagarces.com\/","https:\/\/www.facebook.com\/nuria.garces","https:\/\/www.instagram.com\/ngarcesm\/","https:\/\/x.com\/nuriagarcesm"]},{"@type":"Person","@id":"http:\/\/nuriagarces.cat\/en\/#\/schema\/person\/0f3190c58d8ed40f50ef05071019293c","name":"7aa885762b","image":{"@type":"ImageObject","inLanguage":"en-US","@id":"http:\/\/nuriagarces.cat\/en\/#\/schema\/person\/image\/","url":"https:\/\/secure.gravatar.com\/avatar\/6b1aa37a45108f5c41259a5772ff079cd0e16bb0b61abbeb1fc1a501759c4d8b?s=96&d=mm&r=g","contentUrl":"https:\/\/secure.gravatar.com\/avatar\/6b1aa37a45108f5c41259a5772ff079cd0e16bb0b61abbeb1fc1a501759c4d8b?s=96&d=mm&r=g","caption":"7aa885762b"},"sameAs":["http:\/\/www.nuriagarces.cat.mialias.net"],"url":"https:\/\/nuriagarces.cat\/en\/author\/7aa885762b\/"}]}},"_links":{"self":[{"href":"https:\/\/nuriagarces.cat\/en\/wp-json\/wp\/v2\/posts\/2623","targetHints":{"allow":["GET"]}}],"collection":[{"href":"https:\/\/nuriagarces.cat\/en\/wp-json\/wp\/v2\/posts"}],"about":[{"href":"https:\/\/nuriagarces.cat\/en\/wp-json\/wp\/v2\/types\/post"}],"author":[{"embeddable":true,"href":"https:\/\/nuriagarces.cat\/en\/wp-json\/wp\/v2\/users\/1"}],"replies":[{"embeddable":true,"href":"https:\/\/nuriagarces.cat\/en\/wp-json\/wp\/v2\/comments?post=2623"}],"version-history":[{"count":1,"href":"https:\/\/nuriagarces.cat\/en\/wp-json\/wp\/v2\/posts\/2623\/revisions"}],"predecessor-version":[{"id":3512,"href":"https:\/\/nuriagarces.cat\/en\/wp-json\/wp\/v2\/posts\/2623\/revisions\/3512"}],"wp:featuredmedia":[{"embeddable":true,"href":"https:\/\/nuriagarces.cat\/en\/wp-json\/wp\/v2\/media\/3498"}],"wp:attachment":[{"href":"https:\/\/nuriagarces.cat\/en\/wp-json\/wp\/v2\/media?parent=2623"}],"wp:term":[{"taxonomy":"category","embeddable":true,"href":"https:\/\/nuriagarces.cat\/en\/wp-json\/wp\/v2\/categories?post=2623"},{"taxonomy":"post_tag","embeddable":true,"href":"https:\/\/nuriagarces.cat\/en\/wp-json\/wp\/v2\/tags?post=2623"}],"curies":[{"name":"wp","href":"https:\/\/api.w.org\/{rel}","templated":true}]}}